{"id":490,"date":"2014-10-09T11:29:16","date_gmt":"2014-10-09T16:29:16","guid":{"rendered":"http:\/\/metafisicacolombia.com\/web\/?p=490"},"modified":"2014-10-09T11:29:16","modified_gmt":"2014-10-09T16:29:16","slug":"metafisica-y-religion","status":"publish","type":"post","link":"https:\/\/metafisicacolombia.com\/web\/blog\/2014\/10\/09\/metafisica-y-religion\/","title":{"rendered":"Metaf\u00edsica y Religi\u00f3n"},"content":{"rendered":"<p><a href=\"https:\/\/i0.wp.com\/metafisicacolombia.com\/web\/wp-content\/uploads\/2014\/10\/Religion.jpg\"><img decoding=\"async\" loading=\"lazy\" class=\"alignnone size-full wp-image-491\" src=\"https:\/\/i0.wp.com\/metafisicacolombia.com\/web\/wp-content\/uploads\/2014\/10\/Religion.jpg?resize=446%2C296\" alt=\"Religion\" width=\"446\" height=\"296\" srcset=\"https:\/\/i0.wp.com\/metafisicacolombia.com\/web\/wp-content\/uploads\/2014\/10\/Religion.jpg?w=446&amp;ssl=1 446w, https:\/\/i0.wp.com\/metafisicacolombia.com\/web\/wp-content\/uploads\/2014\/10\/Religion.jpg?resize=300%2C199&amp;ssl=1 300w\" sizes=\"(max-width: 446px) 100vw, 446px\" data-recalc-dims=\"1\" \/><\/a><\/p>\n<p>Por Rub\u00e9n Cede\u00f1o<br \/>\nRUB\u00c9N CEDE\u00d1O RESPONDE A EDGAR SHAISTER<\/p>\n<p>\u00bf Es la Metaf\u00edsica una religi\u00f3n?<br \/>\nGranada 5.10.2014<\/p>\n<p style=\"text-align: justify;\">\nSi nos referimos a que si la Metafisica es una religi\u00f3n organizada como lo es el islam, el juda\u00edsmo o el catolicismo, no lo es; pero si nos acogemos a la palabra \u201creligi\u00f3n\u201d etimol\u00f3gicamente que quiere decir \u201creligar\u201d, si lo es, ya que la Metafisica es incluyente y trata de unir a los seres humanos unos con otros y tambi\u00e9n de adherir las personalidades de sus estudiantes con el \u201cDios Interior\u201d, que cada quien lleva por dentro. Tambi\u00e9n cabe decir, que muchas personas han tomado la Metafisica algo as\u00ed como su religi\u00f3n, pero esto ha sido una decisi\u00f3n personal de cada quien. Tal vez la Metafisica sea la religi\u00f3n del futuro, tal vez como la \u201cReligi\u00f3n del S\u00e9ptimo Rayo\u201d o la \u201cNueva Religi\u00f3n Mundial\u201d, si acaso ya no lo es para muchos de los seres humanos que la conocen y practican. De todas formas cabe aclarar que la Metaf\u00edsica no va en contra de ninguna religi\u00f3n, y mucho menos del catolicismo, ya que lo ama y respeta profundamente como religi\u00f3n materna de casi todo el hemisferio occidental. La Metaf\u00edsica siempre se ha estudiado como filosof\u00eda en todas las universidades, seminarios y escuelas cat\u00f3licas. El planteamiento operacional de la Metafisica es instruccional, el de una escuela de estudios espirituales, donde solo hay facilitadores y estudiantes que desean aprender y no tiene estructura religiosa, donde digamos puedan existir prelados con una autoridad sobre las personas.<\/p>\n","protected":false},"excerpt":{"rendered":"<p>Por Rub\u00e9n Cede\u00f1o RUB\u00c9N CEDE\u00d1O RESPONDE A EDGAR SHAISTER \u00bf Es la Metaf\u00edsica una religi\u00f3n? Granada 5.10.2014 Si nos referimos a que si la Metafisica es una religi\u00f3n organizada como [&hellip;]<\/p>\n","protected":false},"author":1,"featured_media":0,"comment_status":"closed","ping_status":"closed","sticky":false,"template":"","format":"standard","meta":{"_jetpack_newsletter_access":"","footnotes":""},"categories":[3],"tags":[],"jetpack_featured_media_url":"","jetpack_sharing_enabled":true,"jetpack_shortlink":"https:\/\/wp.me\/p4NHpI-7U","_links":{"self":[{"href":"https:\/\/metafisicacolombia.com\/web\/wp-json\/wp\/v2\/posts\/490"}],"collection":[{"href":"https:\/\/metafisicacolombia.com\/web\/wp-json\/wp\/v2\/posts"}],"about":[{"href":"https:\/\/metafisicacolombia.com\/web\/wp-json\/wp\/v2\/types\/post"}],"author":[{"embeddable":true,"href":"https:\/\/metafisicacolombia.com\/web\/wp-json\/wp\/v2\/users\/1"}],"replies":[{"embeddable":true,"href":"https:\/\/metafisicacolombia.com\/web\/wp-json\/wp\/v2\/comments?post=490"}],"version-history":[{"count":1,"href":"https:\/\/metafisicacolombia.com\/web\/wp-json\/wp\/v2\/posts\/490\/revisions"}],"predecessor-version":[{"id":492,"href":"https:\/\/metafisicacolombia.com\/web\/wp-json\/wp\/v2\/posts\/490\/revisions\/492"}],"wp:attachment":[{"href":"https:\/\/metafisicacolombia.com\/web\/wp-json\/wp\/v2\/media?parent=490"}],"wp:term":[{"taxonomy":"category","embeddable":true,"href":"https:\/\/metafisicacolombia.com\/web\/wp-json\/wp\/v2\/categories?post=490"},{"taxonomy":"post_tag","embeddable":true,"href":"https:\/\/metafisicacolombia.com\/web\/wp-json\/wp\/v2\/tags?post=490"}],"curies":[{"name":"wp","href":"https:\/\/api.w.org\/{rel}","templated":true}]}}