{"id":516,"date":"2014-10-21T07:36:07","date_gmt":"2014-10-21T12:36:07","guid":{"rendered":"http:\/\/metafisicacolombia.com\/web\/?p=516"},"modified":"2014-10-21T07:36:07","modified_gmt":"2014-10-21T12:36:07","slug":"proposito-de-la-metafisica","status":"publish","type":"post","link":"https:\/\/metafisicacolombia.com\/web\/blog\/2014\/10\/21\/proposito-de-la-metafisica\/","title":{"rendered":"Prop\u00f3sito de la Metaf\u00edsica"},"content":{"rendered":"<p><a href=\"https:\/\/i0.wp.com\/metafisicacolombia.com\/web\/wp-content\/uploads\/2014\/10\/propositometafisica2.jpg\"><img decoding=\"async\" loading=\"lazy\" class=\"alignnone size-full wp-image-517\" src=\"https:\/\/i0.wp.com\/metafisicacolombia.com\/web\/wp-content\/uploads\/2014\/10\/propositometafisica2.jpg?resize=692%2C461\" alt=\"Prop\u00f3sito de la Metaf\u00edsica\" width=\"692\" height=\"461\" srcset=\"https:\/\/i0.wp.com\/metafisicacolombia.com\/web\/wp-content\/uploads\/2014\/10\/propositometafisica2.jpg?w=692&amp;ssl=1 692w, https:\/\/i0.wp.com\/metafisicacolombia.com\/web\/wp-content\/uploads\/2014\/10\/propositometafisica2.jpg?resize=300%2C199&amp;ssl=1 300w, https:\/\/i0.wp.com\/metafisicacolombia.com\/web\/wp-content\/uploads\/2014\/10\/propositometafisica2.jpg?resize=624%2C415&amp;ssl=1 624w\" sizes=\"(max-width: 692px) 100vw, 692px\" data-recalc-dims=\"1\" \/><\/a><\/p>\n<p>Por Rub\u00e9n Cede\u00f1o<\/p>\n<p>RUB\u00c9N CEDE\u00d1O RESPONDE A EDGAR SHAISTER<\/p>\n<p>\u00bfCu\u00e1l es el prop\u00f3sito definido de la Metaf\u00edsica para la humanidad?<\/p>\n<p>Granada 7.10.2014<\/p>\n<p style=\"text-align: justify;\">El prop\u00f3sito de la Metafisica para la humanidad es:<\/p>\n<p style=\"text-align: justify;\">1\u00ba Conseguir que los Seres Humanos aprendan a pensar, sentir, actuar y hablar positivamente;<\/p>\n<p style=\"text-align: justify;\">2\u00ba Lograr que se conozca y desenvuelva el \u201cAlma\u201d o \u201cCristo Interior\u201d;<\/p>\n<p style=\"text-align: justify;\">3\u00ba Hacer desarrollar las virtudes de cada uno de los \u201cSiete Rayos\u201d, que son los \u201cSiete Aspectos de Dios\u201d;<\/p>\n<p style=\"text-align: justify;\">4\u00ba Perseguir que cada persona sea un n\u00facleo de Fraternidad Universal;<\/p>\n<p style=\"text-align: justify;\">5\u00ba Fomentar la \u201cBuena Voluntad Mundial\u201d;<\/p>\n<p style=\"text-align: justify;\">6\u00ba Lograr que cada persona practique las \u201cRectas Relaciones Humanas\u201d para con todo el mundo;<\/p>\n<p style=\"text-align: justify;\">7\u00ba Conseguir cada persona se convierta en un \u201cServidor Mundial\u201d ayudando en todo lo que los dem\u00e1s puedan necesitar.<\/p>\n<p style=\"text-align: justify;\">Luego que estos objetivos se comprenden, y se realicen aunque sea en parte, el pr\u00f3ximo prop\u00f3sito es que cada quien se convierta en factor multiplicador de ellos, que se los pueda comunicar a otra personas para as\u00ed ir sumando cada vez mas gente de \u201cBuena Voluntad\u201d y de esta manera que el mundo valla mejorando un poco mas cada d\u00eda hasta lograr que el \u201cReino de los Cielos\u201d se instaure sobre la Tierra.<\/p>\n","protected":false},"excerpt":{"rendered":"<p>Por Rub\u00e9n Cede\u00f1o RUB\u00c9N CEDE\u00d1O RESPONDE A EDGAR SHAISTER \u00bfCu\u00e1l es el prop\u00f3sito definido de la Metaf\u00edsica para la humanidad? Granada 7.10.2014 El prop\u00f3sito de la Metafisica para la humanidad [&hellip;]<\/p>\n","protected":false},"author":1,"featured_media":0,"comment_status":"closed","ping_status":"closed","sticky":false,"template":"","format":"standard","meta":{"_jetpack_newsletter_access":"","footnotes":""},"categories":[3,47],"tags":[],"jetpack_featured_media_url":"","jetpack_sharing_enabled":true,"jetpack_shortlink":"https:\/\/wp.me\/p4NHpI-8k","_links":{"self":[{"href":"https:\/\/metafisicacolombia.com\/web\/wp-json\/wp\/v2\/posts\/516"}],"collection":[{"href":"https:\/\/metafisicacolombia.com\/web\/wp-json\/wp\/v2\/posts"}],"about":[{"href":"https:\/\/metafisicacolombia.com\/web\/wp-json\/wp\/v2\/types\/post"}],"author":[{"embeddable":true,"href":"https:\/\/metafisicacolombia.com\/web\/wp-json\/wp\/v2\/users\/1"}],"replies":[{"embeddable":true,"href":"https:\/\/metafisicacolombia.com\/web\/wp-json\/wp\/v2\/comments?post=516"}],"version-history":[{"count":1,"href":"https:\/\/metafisicacolombia.com\/web\/wp-json\/wp\/v2\/posts\/516\/revisions"}],"predecessor-version":[{"id":518,"href":"https:\/\/metafisicacolombia.com\/web\/wp-json\/wp\/v2\/posts\/516\/revisions\/518"}],"wp:attachment":[{"href":"https:\/\/metafisicacolombia.com\/web\/wp-json\/wp\/v2\/media?parent=516"}],"wp:term":[{"taxonomy":"category","embeddable":true,"href":"https:\/\/metafisicacolombia.com\/web\/wp-json\/wp\/v2\/categories?post=516"},{"taxonomy":"post_tag","embeddable":true,"href":"https:\/\/metafisicacolombia.com\/web\/wp-json\/wp\/v2\/tags?post=516"}],"curies":[{"name":"wp","href":"https:\/\/api.w.org\/{rel}","templated":true}]}}