{"id":780,"date":"2015-05-29T12:02:57","date_gmt":"2015-05-29T17:02:57","guid":{"rendered":"http:\/\/metafisicacolombia.com\/web\/?p=780"},"modified":"2015-05-29T12:02:57","modified_gmt":"2015-05-29T17:02:57","slug":"metafisica-en-cali-curacion-metafisica","status":"publish","type":"post","link":"https:\/\/metafisicacolombia.com\/web\/blog\/2015\/05\/29\/metafisica-en-cali-curacion-metafisica\/","title":{"rendered":"Metaf\u00edsica en Cali &#8211; Curaci\u00f3n Metaf\u00edsica"},"content":{"rendered":"<p><a href=\"https:\/\/i0.wp.com\/metafisicacolombia.com\/web\/wp-content\/uploads\/2015\/05\/Camilo.jpg\"><img decoding=\"async\" loading=\"lazy\" class=\"alignnone size-full wp-image-781\" src=\"https:\/\/i0.wp.com\/metafisicacolombia.com\/web\/wp-content\/uploads\/2015\/05\/Camilo.jpg?resize=582%2C960\" alt=\"Curaci\u00f3n Metaf\u00edsica\" width=\"582\" height=\"960\" srcset=\"https:\/\/i0.wp.com\/metafisicacolombia.com\/web\/wp-content\/uploads\/2015\/05\/Camilo.jpg?w=582&amp;ssl=1 582w, https:\/\/i0.wp.com\/metafisicacolombia.com\/web\/wp-content\/uploads\/2015\/05\/Camilo.jpg?resize=181%2C300&amp;ssl=1 181w\" sizes=\"(max-width: 582px) 100vw, 582px\" data-recalc-dims=\"1\" \/><\/a><\/p>\n<p>Metaf\u00edsica en Cali &#8211; Curaci\u00f3n Metaf\u00edsica<br \/>\nDomingo 7 de Junio 11:00 p.m.<br \/>\nBiblioteca Departamental &#8211; Calle 5 No 24 a 9<br \/>\nInfo: cami22tor@hotmail.com<\/p>\n<p>Entrada Libre &#8211; Donaci\u00f3n Voluntaria<\/p>\n","protected":false},"excerpt":{"rendered":"<p>Metaf\u00edsica en Cali &#8211; Curaci\u00f3n Metaf\u00edsica Domingo 7 de Junio 11:00 p.m. Biblioteca Departamental &#8211; Calle 5 No 24 a 9 Info: cami22tor@hotmail.com Entrada Libre &#8211; Donaci\u00f3n Voluntaria<\/p>\n","protected":false},"author":1,"featured_media":0,"comment_status":"closed","ping_status":"closed","sticky":false,"template":"","format":"standard","meta":{"_jetpack_newsletter_access":"","footnotes":""},"categories":[5,6],"tags":[],"jetpack_featured_media_url":"","jetpack_sharing_enabled":true,"jetpack_shortlink":"https:\/\/wp.me\/p4NHpI-cA","_links":{"self":[{"href":"https:\/\/metafisicacolombia.com\/web\/wp-json\/wp\/v2\/posts\/780"}],"collection":[{"href":"https:\/\/metafisicacolombia.com\/web\/wp-json\/wp\/v2\/posts"}],"about":[{"href":"https:\/\/metafisicacolombia.com\/web\/wp-json\/wp\/v2\/types\/post"}],"author":[{"embeddable":true,"href":"https:\/\/metafisicacolombia.com\/web\/wp-json\/wp\/v2\/users\/1"}],"replies":[{"embeddable":true,"href":"https:\/\/metafisicacolombia.com\/web\/wp-json\/wp\/v2\/comments?post=780"}],"version-history":[{"count":1,"href":"https:\/\/metafisicacolombia.com\/web\/wp-json\/wp\/v2\/posts\/780\/revisions"}],"predecessor-version":[{"id":782,"href":"https:\/\/metafisicacolombia.com\/web\/wp-json\/wp\/v2\/posts\/780\/revisions\/782"}],"wp:attachment":[{"href":"https:\/\/metafisicacolombia.com\/web\/wp-json\/wp\/v2\/media?parent=780"}],"wp:term":[{"taxonomy":"category","embeddable":true,"href":"https:\/\/metafisicacolombia.com\/web\/wp-json\/wp\/v2\/categories?post=780"},{"taxonomy":"post_tag","embeddable":true,"href":"https:\/\/metafisicacolombia.com\/web\/wp-json\/wp\/v2\/tags?post=780"}],"curies":[{"name":"wp","href":"https:\/\/api.w.org\/{rel}","templated":true}]}}