{"id":897,"date":"2015-08-21T09:27:06","date_gmt":"2015-08-21T14:27:06","guid":{"rendered":"http:\/\/metafisicacolombia.com\/web\/?p=897"},"modified":"2015-08-21T09:27:06","modified_gmt":"2015-08-21T14:27:06","slug":"asuncion-de-la-virgen-maria","status":"publish","type":"post","link":"https:\/\/metafisicacolombia.com\/web\/blog\/2015\/08\/21\/asuncion-de-la-virgen-maria\/","title":{"rendered":"ASUNCI\u00d3N DE LA VIRGEN MAR\u00cdA"},"content":{"rendered":"<p><a href=\"https:\/\/i0.wp.com\/metafisicacolombia.com\/web\/wp-content\/uploads\/2015\/08\/Sarcofago-de-la-Madre-Maria-y-Ruben-Ceden\u0303o.jpg\"><img decoding=\"async\" loading=\"lazy\" class=\"alignnone  wp-image-898\" src=\"https:\/\/i0.wp.com\/metafisicacolombia.com\/web\/wp-content\/uploads\/2015\/08\/Sarcofago-de-la-Madre-Maria-y-Ruben-Ceden\u0303o.jpg?resize=850%2C565\" alt=\"Asunci\u00f3n Madre Mar\u00eda\" width=\"850\" height=\"565\" srcset=\"https:\/\/i0.wp.com\/metafisicacolombia.com\/web\/wp-content\/uploads\/2015\/08\/Sarcofago-de-la-Madre-Maria-y-Ruben-Ceden\u0303o.jpg?w=1504&amp;ssl=1 1504w, https:\/\/i0.wp.com\/metafisicacolombia.com\/web\/wp-content\/uploads\/2015\/08\/Sarcofago-de-la-Madre-Maria-y-Ruben-Ceden\u0303o.jpg?resize=300%2C199&amp;ssl=1 300w, https:\/\/i0.wp.com\/metafisicacolombia.com\/web\/wp-content\/uploads\/2015\/08\/Sarcofago-de-la-Madre-Maria-y-Ruben-Ceden\u0303o.jpg?resize=1024%2C681&amp;ssl=1 1024w, https:\/\/i0.wp.com\/metafisicacolombia.com\/web\/wp-content\/uploads\/2015\/08\/Sarcofago-de-la-Madre-Maria-y-Ruben-Ceden\u0303o.jpg?resize=624%2C415&amp;ssl=1 624w\" sizes=\"(max-width: 850px) 100vw, 850px\" data-recalc-dims=\"1\" \/><\/a><\/p>\n<p>Por Rub\u00e9n Cede\u00f1o.<\/p>\n<p>Libro \u201cMadre Mar\u00eda Madre de Jes\u00fas\u201d<\/p>\n<p style=\"text-align: justify;\">Con el gozo espiritual de vivir f\u00edsicamente en el \u201cLogro Victorioso de la Luz\u201d, lleg\u00f3 el d\u00eda en que la Madre Mar\u00eda deb\u00eda dejar el plano f\u00edsico, pero como todos los \u00e1tomos de su cuerpo f\u00edsico eran completamente puros, radiantemente luminosos, no fue necesario que pasara por el trance llamado muerte y la corrupci\u00f3n del cuerpo. Mar\u00eda, despu\u00e9s de cumplir con el trabajo al que se hab\u00eda comprometido, casi a los ochenta a\u00f1os, entr\u00f3 en retiro un 10 de agosto y luego desencarn\u00f3. Su cuerpo fue llevado, en medio de los cantos de los Ap\u00f3stoles de Jes\u00fas, hasta el \u201cTorrente del Cedr\u00f3n\u201d, donde la sepultaron en una cavidad de piedra que seguramente hab\u00eda suministrado Jos\u00e9 de Arimatea, tal como lo hab\u00eda hecho con Jes\u00fas. D\u00edas despu\u00e9s fueron a buscarla y no la encontraron. El 16 de agosto Mar\u00eda hab\u00eda sido \u201cAsunta\u201d, dejando el sarc\u00f3fago lleno de rosas blancas, con un olor que se expand\u00eda por el aire como una bendici\u00f3n, y lleno de una luz semejante a la de mil soles. En la tumba no encontraron su cuerpo, hab\u00eda sido Asunta, que es ir al cielo sin morir, por Gracia Divina; quiere decir que Dios la ascendi\u00f3. En el lugar todav\u00eda hay un olor a rosas extraordinario.<\/p>\n<p>Foto: Sarc\u00f3fago vac\u00edo de la Madre Mar\u00eda y Ruben Cede\u00f1o.<\/p>\n","protected":false},"excerpt":{"rendered":"<p>Con el gozo espiritual de vivir f\u00edsicamente en el \u201cLogro Victorioso de la Luz\u201d, lleg\u00f3 el d\u00eda en que la Madre Mar\u00eda deb\u00eda dejar el plano f\u00edsico, pero como todos los \u00e1tomos de su cuerpo f\u00edsico eran completamente puros, radiantemente luminosos, no fue necesario que pasara por el trance llamado muerte y la corrupci\u00f3n del cuerpo.<\/p>\n","protected":false},"author":1,"featured_media":898,"comment_status":"closed","ping_status":"closed","sticky":false,"template":"","format":"standard","meta":{"_jetpack_newsletter_access":"","footnotes":""},"categories":[3],"tags":[],"jetpack_featured_media_url":"https:\/\/i0.wp.com\/metafisicacolombia.com\/web\/wp-content\/uploads\/2015\/08\/Sarcofago-de-la-Madre-Maria-y-Ruben-Ceden\u0303o.jpg?fit=1504%2C1000&ssl=1","jetpack_sharing_enabled":true,"jetpack_shortlink":"https:\/\/wp.me\/p4NHpI-et","_links":{"self":[{"href":"https:\/\/metafisicacolombia.com\/web\/wp-json\/wp\/v2\/posts\/897"}],"collection":[{"href":"https:\/\/metafisicacolombia.com\/web\/wp-json\/wp\/v2\/posts"}],"about":[{"href":"https:\/\/metafisicacolombia.com\/web\/wp-json\/wp\/v2\/types\/post"}],"author":[{"embeddable":true,"href":"https:\/\/metafisicacolombia.com\/web\/wp-json\/wp\/v2\/users\/1"}],"replies":[{"embeddable":true,"href":"https:\/\/metafisicacolombia.com\/web\/wp-json\/wp\/v2\/comments?post=897"}],"version-history":[{"count":1,"href":"https:\/\/metafisicacolombia.com\/web\/wp-json\/wp\/v2\/posts\/897\/revisions"}],"predecessor-version":[{"id":899,"href":"https:\/\/metafisicacolombia.com\/web\/wp-json\/wp\/v2\/posts\/897\/revisions\/899"}],"wp:featuredmedia":[{"embeddable":true,"href":"https:\/\/metafisicacolombia.com\/web\/wp-json\/wp\/v2\/media\/898"}],"wp:attachment":[{"href":"https:\/\/metafisicacolombia.com\/web\/wp-json\/wp\/v2\/media?parent=897"}],"wp:term":[{"taxonomy":"category","embeddable":true,"href":"https:\/\/metafisicacolombia.com\/web\/wp-json\/wp\/v2\/categories?post=897"},{"taxonomy":"post_tag","embeddable":true,"href":"https:\/\/metafisicacolombia.com\/web\/wp-json\/wp\/v2\/tags?post=897"}],"curies":[{"name":"wp","href":"https:\/\/api.w.org\/{rel}","templated":true}]}}