{"id":900,"date":"2015-08-21T09:30:05","date_gmt":"2015-08-21T14:30:05","guid":{"rendered":"http:\/\/metafisicacolombia.com\/web\/?p=900"},"modified":"2015-08-21T09:30:05","modified_gmt":"2015-08-21T14:30:05","slug":"ascension-de-jesus","status":"publish","type":"post","link":"https:\/\/metafisicacolombia.com\/web\/blog\/2015\/08\/21\/ascension-de-jesus\/","title":{"rendered":"ASCENSI\u00d3N DE JESUS"},"content":{"rendered":"<p><a href=\"https:\/\/i0.wp.com\/metafisicacolombia.com\/web\/wp-content\/uploads\/2015\/08\/Lugar-de-la-Ascensio\u0301n-del-Maestro-Jesus-y-Ruben-Ceden\u0303o.jpg\"><img decoding=\"async\" loading=\"lazy\" class=\"alignnone  wp-image-901\" src=\"https:\/\/i0.wp.com\/metafisicacolombia.com\/web\/wp-content\/uploads\/2015\/08\/Lugar-de-la-Ascensio\u0301n-del-Maestro-Jesus-y-Ruben-Ceden\u0303o-1024x897.jpg?resize=653%2C572\" alt=\"Lugar de la Ascensio\u0301n del Maestro Jesus\" width=\"653\" height=\"572\" srcset=\"https:\/\/i0.wp.com\/metafisicacolombia.com\/web\/wp-content\/uploads\/2015\/08\/Lugar-de-la-Ascensio\u0301n-del-Maestro-Jesus-y-Ruben-Ceden\u0303o.jpg?resize=1024%2C897&amp;ssl=1 1024w, https:\/\/i0.wp.com\/metafisicacolombia.com\/web\/wp-content\/uploads\/2015\/08\/Lugar-de-la-Ascensio\u0301n-del-Maestro-Jesus-y-Ruben-Ceden\u0303o.jpg?resize=300%2C263&amp;ssl=1 300w, https:\/\/i0.wp.com\/metafisicacolombia.com\/web\/wp-content\/uploads\/2015\/08\/Lugar-de-la-Ascensio\u0301n-del-Maestro-Jesus-y-Ruben-Ceden\u0303o.jpg?resize=624%2C547&amp;ssl=1 624w, https:\/\/i0.wp.com\/metafisicacolombia.com\/web\/wp-content\/uploads\/2015\/08\/Lugar-de-la-Ascensio\u0301n-del-Maestro-Jesus-y-Ruben-Ceden\u0303o.jpg?w=1752&amp;ssl=1 1752w\" sizes=\"(max-width: 653px) 100vw, 653px\" data-recalc-dims=\"1\" \/><\/a><\/p>\n<p>Rub\u00e9n Cede\u00f1o<\/p>\n<p>Libro: \u201cJes\u00fas\u201d<\/p>\n<p>Finalmente en la cumbre de la colina al frente de Jerusal\u00e9n esta una capillita chiquitina, muy blanca y octogonal, donde maravillosamente se encuentra grabada en una piedra blanca que esta en el suelo la planta del pie de Jes\u00fas, ultima huella f\u00edsica que dejo el Maestro en el momento de su Ascensi\u00f3n. Me descalce y puse los pies en donde Jes\u00fas los hab\u00eda puesto. Aqu\u00ed esta todav\u00eda grabado en los \u00e9teres el momentum de Jes\u00fas cuando hizo su Ascensi\u00f3n y los electrones del lugar se encuentran impregnados con este hecho. Todo el que viene aqu\u00ed puede cargarse con esta energ\u00eda. Los peregrinos viajan a los lugares santos a cargarse de los electrones dejados all\u00ed por los seres de Luz y por eso, desde los mas encumbrados Maestros hasta los mas viles humanos peregrinan y esto se hace en casi todas las religiones.<\/p>\n<p>Foto: El Lugar de la Ascensi\u00f3n del Maestro Jes\u00fas-Rub\u00e9n Cede\u00f1o.<\/p>\n<p>Dice la Madre Maria respecto a la Ascensi\u00f3n de su hijo: <em>Entonces, sobre esa majestuosa cima del monte, desde la misma roca en la que Yo hab\u00eda pasado tantos a\u00f1os rezando, Jes\u00fas ascendi\u00f3 conscientemente en la presencia visible de cientos de personas (eran cerca de quinientas).<\/em><\/p>\n","protected":false},"excerpt":{"rendered":"<p>Finalmente en la cumbre de la colina al frente de Jerusal\u00e9n esta una capillita chiquitina, muy blanca y octogonal, donde maravillosamente se encuentra grabada en una piedra blanca que esta en el suelo la planta del pie de Jes\u00fas, ultima huella f\u00edsica que dejo el Maestro en el momento de su Ascensi\u00f3n. Me descalce y puse los pies en donde Jes\u00fas los hab\u00eda puesto. <\/p>\n","protected":false},"author":1,"featured_media":0,"comment_status":"closed","ping_status":"closed","sticky":false,"template":"","format":"standard","meta":{"_jetpack_newsletter_access":"","footnotes":""},"categories":[3],"tags":[],"jetpack_featured_media_url":"","jetpack_sharing_enabled":true,"jetpack_shortlink":"https:\/\/wp.me\/p4NHpI-ew","_links":{"self":[{"href":"https:\/\/metafisicacolombia.com\/web\/wp-json\/wp\/v2\/posts\/900"}],"collection":[{"href":"https:\/\/metafisicacolombia.com\/web\/wp-json\/wp\/v2\/posts"}],"about":[{"href":"https:\/\/metafisicacolombia.com\/web\/wp-json\/wp\/v2\/types\/post"}],"author":[{"embeddable":true,"href":"https:\/\/metafisicacolombia.com\/web\/wp-json\/wp\/v2\/users\/1"}],"replies":[{"embeddable":true,"href":"https:\/\/metafisicacolombia.com\/web\/wp-json\/wp\/v2\/comments?post=900"}],"version-history":[{"count":1,"href":"https:\/\/metafisicacolombia.com\/web\/wp-json\/wp\/v2\/posts\/900\/revisions"}],"predecessor-version":[{"id":902,"href":"https:\/\/metafisicacolombia.com\/web\/wp-json\/wp\/v2\/posts\/900\/revisions\/902"}],"wp:attachment":[{"href":"https:\/\/metafisicacolombia.com\/web\/wp-json\/wp\/v2\/media?parent=900"}],"wp:term":[{"taxonomy":"category","embeddable":true,"href":"https:\/\/metafisicacolombia.com\/web\/wp-json\/wp\/v2\/categories?post=900"},{"taxonomy":"post_tag","embeddable":true,"href":"https:\/\/metafisicacolombia.com\/web\/wp-json\/wp\/v2\/tags?post=900"}],"curies":[{"name":"wp","href":"https:\/\/api.w.org\/{rel}","templated":true}]}}