{"id":943,"date":"2015-09-29T11:08:31","date_gmt":"2015-09-29T16:08:31","guid":{"rendered":"http:\/\/metafisicacolombia.com\/web\/?p=943"},"modified":"2015-09-29T11:08:31","modified_gmt":"2015-09-29T16:08:31","slug":"jerarquia-espiritual-nivel-siete-rayos","status":"publish","type":"post","link":"https:\/\/metafisicacolombia.com\/web\/blog\/2015\/09\/29\/jerarquia-espiritual-nivel-siete-rayos\/","title":{"rendered":"Jerarqu\u00eda Espiritual &#8211; Nivel Siete Rayos"},"content":{"rendered":"<p><a href=\"https:\/\/i0.wp.com\/metafisicacolombia.com\/web\/wp-content\/uploads\/2015\/09\/Liliana-3.jpg\"><img decoding=\"async\" loading=\"lazy\" class=\"alignnone size-full wp-image-944\" src=\"https:\/\/i0.wp.com\/metafisicacolombia.com\/web\/wp-content\/uploads\/2015\/09\/Liliana-3.jpg?resize=278%2C395\" alt=\"Jerarqu\u00eda Espiritual\" width=\"278\" height=\"395\" srcset=\"https:\/\/i0.wp.com\/metafisicacolombia.com\/web\/wp-content\/uploads\/2015\/09\/Liliana-3.jpg?w=278&amp;ssl=1 278w, https:\/\/i0.wp.com\/metafisicacolombia.com\/web\/wp-content\/uploads\/2015\/09\/Liliana-3.jpg?resize=211%2C300&amp;ssl=1 211w\" sizes=\"(max-width: 278px) 100vw, 278px\" data-recalc-dims=\"1\" \/><\/a><\/p>\n<p>JERARQU\u00cdA ESPIRITUAL- Del Libro \u00abSiete Rayos\u00bb de Rub\u00e9n Cede\u00f1o<br \/>\nLa \u201cJerarqu\u00eda Espiritual\u201d, como su mismo nombre lo dice, es una ordenaci\u00f3n espiritual de acuerdo <span class=\"text_exposed_show\">a la gradaci\u00f3n, valores o dignidades de los \u201cSeres de Luz\u201d, donde cada uno de acuerdo al desenvolvimiento de su \u201cDios Interior\u201d ocupa un cargo acorde a su desarrollo. <\/span><\/p>\n<div class=\"text_exposed_show\">\n<p>NO TODOS SOMOS IGUALES<br \/>\n\u201cComo es Arriba es Abajo\u201d dicta un Principio Universal. As\u00ed como en la tierra hay jerarqu\u00edas, como puede suceder en la nobleza, que hay desde reyes, pr\u00edncipes, duques, marqueses, condes, vizcondes y barones; en los gobiernos del mundo existen Presidentes, Vicepresidentes, Ministros, Gobernadores y Alcaldes, igualmente sucede en los planos espirituales organiz\u00e1ndose los \u201cSeres de Luz\u201d en \u201cOrdenes\u201d y \u201cGrados\u201d. El m\u00e1s alto de todos los seres para la tierra es el \u201cSe\u00f1or del Mundo\u201d, le siguen el \u201cBuddha de la Tierra\u201d luego los \u201cMaha Chohanes\u201d, despu\u00e9s los \u201cChohanes de los Siete Rayos, luego los Maestros, Disc\u00edpulos de diversas iniciaciones que van desde la Quinta hasta la primera, y de ultimo est\u00e1n los privacioncitas, candidatos al Sendero, la Humanidad en el \u201cAula de la Sabidur\u00eda\u201d, en el Aula del Aprendizaje y en el propio comienzo evolutivo las personas en el \u201cAula de la Ignorancia\u201d. Nadie se escapa a la Jerarqu\u00eda.<br \/>\nAunque parezca muy bella y altruista la frase que \u201cTodos los Seres Humanos somos Iguales\u201d, no es tan as\u00ed. Los seres humanos no son iguales ni siquiera en esencia, porque hasta las Presencias \u201cYo Soy\u201d de unos y otros, difieren de Rayo, y no todas las Corrientes de Vida tienen el mismo grado de desarrollo de su \u201cLuz Interior\u201d. Eso s\u00ed, todos los Seres Humanos se merecen el mismo respeto y dignidad, no importa el escalaf\u00f3n donde se encuentren, porque cada quien guarda en s\u00ed, un \u201cDios Interior\u201d merecedor de la m\u00e1s encomiable reverencia. Nada se parece a nada en el Universo. Las huellas digitales de los seres humanos ninguna son igual a otra. Dos hojas de una misma planta se parecen pero no son iguales, su venaci\u00f3n y contorno son diferentes. \u201cNada es igual a otra cosa en el universo\u201d.<br \/>\nLa \u201cJerarqu\u00eda Espiritual\u201d es el conjunto de Maestros Ascendidos que viven en unidad; no pertenecen a ninguna religi\u00f3n, sino que suministran con su radiaci\u00f3n: inspiraci\u00f3n, ideales, buenos sentimientos y planes de trabajo altruistas para sostener a todas las religiones y a la humanidad, porque son completamente incluyentes y nunca excluyen a nadie por ninguna raz\u00f3n. El que exista Jerarqu\u00eda, no implica discriminaci\u00f3n. Grandes Santos y Maestros que conocemos son miembros de la \u201cJerarqu\u00eda Espiritual\u201d. Hay muchas personas que han aprendido todo lo que la Tierra tiene que ense\u00f1ar y han merecido ser miembros de esta \u201cJerarqu\u00eda Espiritual\u201d, y actualmente viven en su cuerpo de Luz como Maestros Ascendidos.<br \/>\nLa \u201cJerarqu\u00eda Espiritual\u201d tiene su sede en Shamballa, \u201cEl lugar donde la Voluntad de Dios es conocida\u201d. Se le dice as\u00ed porque all\u00ed solo se hace la Voluntad de Dios. All\u00ed se trabaja d\u00eda y noche por el bienestar de todos los seres humanos. A trav\u00e9s de los siglos, los miembros de la \u201cJerarqu\u00eda Espiritual\u201d han encarnado en la Tierra develando las verdades sobre la vida, ayudando, sanando y alentando. Ellos Trabajan en perfecto orden, agrup\u00e1ndose en \u201cSiete Logias\u201d cada una bajo las caracter\u00edsticas de cada uno de Los Siete Rayos. Tienen una organizaci\u00f3n tan maravillosa que cubre todos los renglones de la vida y actividad del planeta Tierra y todos sus habitantes.<br \/>\nBienvenidos queridos estudiantes de las ense\u00f1anzas espirituales.<br \/>\nEstudiantes de la Luz.<\/p>\n<\/div>\n","protected":false},"excerpt":{"rendered":"<p>JERARQU\u00cdA ESPIRITUAL- Del Libro \u00abSiete Rayos\u00bb de Rub\u00e9n Cede\u00f1o La \u201cJerarqu\u00eda Espiritual\u201d, como su mismo nombre lo dice, es una ordenaci\u00f3n espiritual de acuerdo a la gradaci\u00f3n, valores o dignidades [&hellip;]<\/p>\n","protected":false},"author":1,"featured_media":0,"comment_status":"closed","ping_status":"closed","sticky":false,"template":"","format":"standard","meta":{"_jetpack_newsletter_access":"","footnotes":""},"categories":[5,6],"tags":[],"jetpack_featured_media_url":"","jetpack_sharing_enabled":true,"jetpack_shortlink":"https:\/\/wp.me\/p4NHpI-fd","_links":{"self":[{"href":"https:\/\/metafisicacolombia.com\/web\/wp-json\/wp\/v2\/posts\/943"}],"collection":[{"href":"https:\/\/metafisicacolombia.com\/web\/wp-json\/wp\/v2\/posts"}],"about":[{"href":"https:\/\/metafisicacolombia.com\/web\/wp-json\/wp\/v2\/types\/post"}],"author":[{"embeddable":true,"href":"https:\/\/metafisicacolombia.com\/web\/wp-json\/wp\/v2\/users\/1"}],"replies":[{"embeddable":true,"href":"https:\/\/metafisicacolombia.com\/web\/wp-json\/wp\/v2\/comments?post=943"}],"version-history":[{"count":1,"href":"https:\/\/metafisicacolombia.com\/web\/wp-json\/wp\/v2\/posts\/943\/revisions"}],"predecessor-version":[{"id":945,"href":"https:\/\/metafisicacolombia.com\/web\/wp-json\/wp\/v2\/posts\/943\/revisions\/945"}],"wp:attachment":[{"href":"https:\/\/metafisicacolombia.com\/web\/wp-json\/wp\/v2\/media?parent=943"}],"wp:term":[{"taxonomy":"category","embeddable":true,"href":"https:\/\/metafisicacolombia.com\/web\/wp-json\/wp\/v2\/categories?post=943"},{"taxonomy":"post_tag","embeddable":true,"href":"https:\/\/metafisicacolombia.com\/web\/wp-json\/wp\/v2\/tags?post=943"}],"curies":[{"name":"wp","href":"https:\/\/api.w.org\/{rel}","templated":true}]}}