{"id":961,"date":"2015-10-25T14:56:04","date_gmt":"2015-10-25T19:56:04","guid":{"rendered":"http:\/\/metafisicacolombia.com\/web\/?p=961"},"modified":"2015-10-25T14:58:45","modified_gmt":"2015-10-25T19:58:45","slug":"ciudades-etericas-de-juan-el-amado-arizona","status":"publish","type":"post","link":"https:\/\/metafisicacolombia.com\/web\/blog\/2015\/10\/25\/ciudades-etericas-de-juan-el-amado-arizona\/","title":{"rendered":"CIUDADES ET\u00c9RICAS DE JUAN EL AMADO ARIZONA"},"content":{"rendered":"<p><img decoding=\"async\" loading=\"lazy\" class=\"alignnone size-large wp-image-962\" src=\"https:\/\/i0.wp.com\/metafisicacolombia.com\/web\/wp-content\/uploads\/2015\/10\/Ciudades-Etericas-1024x768.jpg?resize=1024%2C768\" alt=\"Ciudades Etericas\" width=\"1024\" height=\"768\" srcset=\"https:\/\/i0.wp.com\/metafisicacolombia.com\/web\/wp-content\/uploads\/2015\/10\/Ciudades-Etericas.jpg?resize=1024%2C768&amp;ssl=1 1024w, https:\/\/i0.wp.com\/metafisicacolombia.com\/web\/wp-content\/uploads\/2015\/10\/Ciudades-Etericas.jpg?resize=300%2C225&amp;ssl=1 300w, https:\/\/i0.wp.com\/metafisicacolombia.com\/web\/wp-content\/uploads\/2015\/10\/Ciudades-Etericas.jpg?resize=640%2C480&amp;ssl=1 640w, https:\/\/i0.wp.com\/metafisicacolombia.com\/web\/wp-content\/uploads\/2015\/10\/Ciudades-Etericas.jpg?resize=624%2C468&amp;ssl=1 624w, https:\/\/i0.wp.com\/metafisicacolombia.com\/web\/wp-content\/uploads\/2015\/10\/Ciudades-Etericas.jpg?w=1632&amp;ssl=1 1632w\" sizes=\"(max-width: 1000px) 100vw, 1000px\" data-recalc-dims=\"1\" \/><\/p>\n<p>Ruben Cede\u00f1o<\/p>\n<p>Arizona, 28-12-1997<\/p>\n<h5>BIENVENIDA<\/h5>\n<p>Bienvenidos a las \u201cCiudades Et\u00e9ricas de Juan El Amado\u201d. El habitar, venir o simplemente pasar f\u00edsicamente por los entornos tangibles de esta radiaci\u00f3n en el \u00abDesierto de Arizona\u00bb impregna los veh\u00edculos visibles e intangibles de los seres humanos, de la excelsa energ\u00eda de este retiro.<\/p>\n<p>Aqu\u00ed no se viene por comercio, buscando qu\u00e9 se recibe por el esfuerzo de haber llegado. Recuerden que se les dijo al manifestar querer venir aqu\u00ed: \u00abAl que le parezca algo de lo requerido fuerte o complicado, no debe asistir. El que venga a las \u201cCiudades Et\u00e9ricas de Juan El Amado\u201d, es porque es lo que mas desea, no import\u00e1ndole ning\u00fan esfuerzo o sacrificio\u00bb.<\/p>\n<p>No se extra\u00f1en al ver que esto se ha cumplido, literalmente, muchos llegan aqu\u00ed extenuados de cansancio, abochornados por el calor del desierto o congelados por las inclementes nevadas del invierno y no les \u00a0 importa lo que hayan tenido que pasar para estar en el \u201cDesierto de Arizona\u201d, bajo la radiaci\u00f3n de este Retiro.<\/p>\n<h5>SUPERANDO OBSTACULOS<\/h5>\n<p><strong>A ning\u00fan retiro de un Maestro Ascendido se llega f\u00e1cilmente<\/strong>, el candidato tiene que demostrar el inter\u00e9s por llegar y la \u00fanica forma es superando obst\u00e1culos. Hay a veces obst\u00e1culos f\u00edsicos, en otras ocasiones emocionales de ataduras familiares y en otras oportunidades trabas mentales. Pero \u201cLabor Omnia Vincit\u201d. \u201cEl Trabajo vence todo\u201d.<\/p>\n<p>Recr\u00e9ense, asol\u00e9ense, respiren, observen la radiaci\u00f3n que les tenemos reservado en los parajes del desierto de Arizona. Venir aqu\u00ed y permanecer un tiempo, el que cada quien pueda, est\u00e1 m\u00e1s all\u00e1 del tiempo y del espacio. Los beneficios ser\u00e1n para siempre y no han sido motivados por un accidente del siglo, en que alg\u00fan miembro de la Jerarqu\u00eda asuma un trabajo destacado.<\/p>\n<h5>RIO COLORADO<\/h5>\n<p>Algunos se preocupan al ver que despu\u00e9s de algunos a\u00f1os de trabajo facilitando las Ense\u00f1anzas de la \u201cGran Ley\u201d, los grupos no les crecen mucho o tal vez no encuentran suficientes estudiantes dispuestos a dar \u201cel todo por el todo\u201d en este trabajo, se angustian y se deprimen. No se mortifiquen por esto y sigan trabajando. Una gran ense\u00f1anza al respecto nos da Juan el Amado aqu\u00ed. Observen en silencio y profundamente al r\u00edo Colorado en el fondo del hermoso y laborioso precipicio con m\u00e1s de kil\u00f3metro y medio de profundidad, que ha tardado diez millones de a\u00f1os en elaborar la gran maravilla del Ca\u00f1\u00f3n. Esto no se hace en un solo d\u00eda, ni dos, ni tres. As\u00ed fue el trabajo de los primeros cristianos y a lo largo de dos mil a\u00f1os, desarrollaron la esplendidez que se ve en la difusi\u00f3n del evangelio del Maestro Jes\u00fas y las devot\u00edsimas ermitas y gigantescas catedrales de Coptos, Ortodoxos, Protestantes, y Cat\u00f3licos. Pero cost\u00f3 mucho al principio. Igualmente como el r\u00edo Colorado ha labrado este hermoso cauce, as\u00ed mismo se van expandiendo las Ense\u00f1anza de los Maestros Ascendidos en la Nueva Era, lentamente, pero seguras, sin arrebatos emocionales, ni esc\u00e1ndalos llamativos.<\/p>\n<p>A Arizona no han venido a ver la maravilla de los templos egipcios tallados por la mano humana, ni la historia arrobadora de las cortes europeas. <strong>Vean el \u201cGran Ca\u00f1\u00f3n\u201d y se encontrar\u00e1n con su Vac\u00edo.<\/strong> Han venido a vaciarse del cansancio del camino, a curarse de las heridas de las injurias que la labor inevitablemente trae. La Se\u00f1ora H\u00f3pi los invita a reflexionar en el entorno, que sus vestiduras envuelven como Guardiana Silenciosa del lugar. Escuchen \u201cOn The Trial\u201d de la Suite \u201cGran Canyon\u201d de Ferde Grof\u00e9 y con\u00e9ctense con Ella.<\/p>\n<h5>\u201cDEEP RIVER\u201d<\/h5>\n<p>Toda la m\u00fasica devocional de los Spirituals y la m\u00fasico-terapia est\u00e1 regida por la influencia del Sexto Rayo Oro Rubi bajo la radiaci\u00f3n de Juan el Amado que se expande desde este lugar sagrado. En el Spiritual \u201cDeep River\u201d se encuentra la met\u00e1fora del pensamiento simiente de esta radiaci\u00f3n del Ca\u00f1\u00f3n, el r\u00edo y la expansi\u00f3n de la ense\u00f1anza. Vean el r\u00edo colorado y contemplen su profundidad.<\/p>\n<p><strong>Rem\u00f3ntense en el \u00c1guila Dorada de Radiaci\u00f3n Rub\u00ed que les ofrece El Se\u00f1or de estos par\u00e1metros. <\/strong>Acu\u00e9rdense que si el r\u00edo es profundo la casa est\u00e1 sobre el Jord\u00e1n y el \u00e1guila los llevar\u00e1.<\/p>\n<p>&nbsp;<\/p>\n<p>&nbsp;<\/p>\n<p><iframe loading=\"lazy\" src=\"https:\/\/www.youtube.com\/embed\/TBOQILPCED0?rel=0\" width=\"853\" height=\"480\" frameborder=\"0\" allowfullscreen=\"allowfullscreen\"><\/iframe><\/p>\n","protected":false},"excerpt":{"rendered":"<p>Ruben Cede\u00f1o Arizona, 28-12-1997 BIENVENIDA Bienvenidos a las \u201cCiudades Et\u00e9ricas de Juan El Amado\u201d. El habitar, venir o simplemente pasar f\u00edsicamente por los entornos tangibles de esta radiaci\u00f3n en el [&hellip;]<\/p>\n","protected":false},"author":1,"featured_media":962,"comment_status":"closed","ping_status":"closed","sticky":false,"template":"","format":"standard","meta":{"_jetpack_newsletter_access":"","footnotes":""},"categories":[3],"tags":[],"jetpack_featured_media_url":"https:\/\/i0.wp.com\/metafisicacolombia.com\/web\/wp-content\/uploads\/2015\/10\/Ciudades-Etericas.jpg?fit=1632%2C1224&ssl=1","jetpack_sharing_enabled":true,"jetpack_shortlink":"https:\/\/wp.me\/p4NHpI-fv","_links":{"self":[{"href":"https:\/\/metafisicacolombia.com\/web\/wp-json\/wp\/v2\/posts\/961"}],"collection":[{"href":"https:\/\/metafisicacolombia.com\/web\/wp-json\/wp\/v2\/posts"}],"about":[{"href":"https:\/\/metafisicacolombia.com\/web\/wp-json\/wp\/v2\/types\/post"}],"author":[{"embeddable":true,"href":"https:\/\/metafisicacolombia.com\/web\/wp-json\/wp\/v2\/users\/1"}],"replies":[{"embeddable":true,"href":"https:\/\/metafisicacolombia.com\/web\/wp-json\/wp\/v2\/comments?post=961"}],"version-history":[{"count":2,"href":"https:\/\/metafisicacolombia.com\/web\/wp-json\/wp\/v2\/posts\/961\/revisions"}],"predecessor-version":[{"id":964,"href":"https:\/\/metafisicacolombia.com\/web\/wp-json\/wp\/v2\/posts\/961\/revisions\/964"}],"wp:featuredmedia":[{"embeddable":true,"href":"https:\/\/metafisicacolombia.com\/web\/wp-json\/wp\/v2\/media\/962"}],"wp:attachment":[{"href":"https:\/\/metafisicacolombia.com\/web\/wp-json\/wp\/v2\/media?parent=961"}],"wp:term":[{"taxonomy":"category","embeddable":true,"href":"https:\/\/metafisicacolombia.com\/web\/wp-json\/wp\/v2\/categories?post=961"},{"taxonomy":"post_tag","embeddable":true,"href":"https:\/\/metafisicacolombia.com\/web\/wp-json\/wp\/v2\/tags?post=961"}],"curies":[{"name":"wp","href":"https:\/\/api.w.org\/{rel}","templated":true}]}}