{"id":966,"date":"2015-10-29T10:34:52","date_gmt":"2015-10-29T15:34:52","guid":{"rendered":"http:\/\/metafisicacolombia.com\/web\/?p=966"},"modified":"2015-10-29T10:35:24","modified_gmt":"2015-10-29T15:35:24","slug":"966","status":"publish","type":"post","link":"https:\/\/metafisicacolombia.com\/web\/blog\/2015\/10\/29\/966\/","title":{"rendered":"Jos\u00e9 y el Derecho de Conciencia &#8211; Metaf\u00edsica Cristiana"},"content":{"rendered":"<p><a href=\"https:\/\/i0.wp.com\/metafisicacolombia.com\/web\/wp-content\/uploads\/2015\/10\/Angelica.jpg\"><img decoding=\"async\" loading=\"lazy\" class=\"alignnone size-full wp-image-967\" src=\"https:\/\/i0.wp.com\/metafisicacolombia.com\/web\/wp-content\/uploads\/2015\/10\/Angelica.jpg?resize=924%2C640\" alt=\"Jose y el Derecho de conciencia\" width=\"924\" height=\"640\" srcset=\"https:\/\/i0.wp.com\/metafisicacolombia.com\/web\/wp-content\/uploads\/2015\/10\/Angelica.jpg?w=924&amp;ssl=1 924w, https:\/\/i0.wp.com\/metafisicacolombia.com\/web\/wp-content\/uploads\/2015\/10\/Angelica.jpg?resize=300%2C208&amp;ssl=1 300w, https:\/\/i0.wp.com\/metafisicacolombia.com\/web\/wp-content\/uploads\/2015\/10\/Angelica.jpg?resize=624%2C432&amp;ssl=1 624w\" sizes=\"(max-width: 924px) 100vw, 924px\" data-recalc-dims=\"1\" \/><\/a><\/p>\n<p>Actividades Continuas &#8211; Grupo Metaf\u00edsico de Chapinero con Ang\u00e9lica Moreno<br \/>\nS\u00e1bados 12:00 a.m. Calle 60 No 9 A 31 Piso 3<br \/>\nEntrada Libre<br \/>\nInfo: 300-3189185<br \/>\nEmail: <a href=\"mailto:akrishto@hotmail.com\">akrishto@hotmail.com<\/a><\/p>\n<p>&nbsp;<\/p>\n","protected":false},"excerpt":{"rendered":"<p>Actividades Continuas &#8211; Grupo Metaf\u00edsico de Chapinero con Ang\u00e9lica Moreno S\u00e1bados 12:00 a.m. Calle 60 No 9 A 31 Piso 3 Entrada Libre Info: 300-3189185 Email: akrishto@hotmail.com &nbsp;<\/p>\n","protected":false},"author":1,"featured_media":0,"comment_status":"closed","ping_status":"closed","sticky":false,"template":"","format":"standard","meta":{"_jetpack_newsletter_access":"","footnotes":""},"categories":[5,6],"tags":[],"jetpack_featured_media_url":"","jetpack_sharing_enabled":true,"jetpack_shortlink":"https:\/\/wp.me\/s4NHpI-966","_links":{"self":[{"href":"https:\/\/metafisicacolombia.com\/web\/wp-json\/wp\/v2\/posts\/966"}],"collection":[{"href":"https:\/\/metafisicacolombia.com\/web\/wp-json\/wp\/v2\/posts"}],"about":[{"href":"https:\/\/metafisicacolombia.com\/web\/wp-json\/wp\/v2\/types\/post"}],"author":[{"embeddable":true,"href":"https:\/\/metafisicacolombia.com\/web\/wp-json\/wp\/v2\/users\/1"}],"replies":[{"embeddable":true,"href":"https:\/\/metafisicacolombia.com\/web\/wp-json\/wp\/v2\/comments?post=966"}],"version-history":[{"count":2,"href":"https:\/\/metafisicacolombia.com\/web\/wp-json\/wp\/v2\/posts\/966\/revisions"}],"predecessor-version":[{"id":969,"href":"https:\/\/metafisicacolombia.com\/web\/wp-json\/wp\/v2\/posts\/966\/revisions\/969"}],"wp:attachment":[{"href":"https:\/\/metafisicacolombia.com\/web\/wp-json\/wp\/v2\/media?parent=966"}],"wp:term":[{"taxonomy":"category","embeddable":true,"href":"https:\/\/metafisicacolombia.com\/web\/wp-json\/wp\/v2\/categories?post=966"},{"taxonomy":"post_tag","embeddable":true,"href":"https:\/\/metafisicacolombia.com\/web\/wp-json\/wp\/v2\/tags?post=966"}],"curies":[{"name":"wp","href":"https:\/\/api.w.org\/{rel}","templated":true}]}}